{"id":1378,"date":"2019-01-22T14:05:54","date_gmt":"2019-01-22T13:05:54","guid":{"rendered":"https:\/\/herboristerialasalud.com\/blog\/?p=1378"},"modified":"2020-12-28T14:06:38","modified_gmt":"2020-12-28T13:06:38","slug":"aragon-tv-beneficios-de-la-mirra","status":"publish","type":"post","link":"https:\/\/herboristerialasalud.com\/blog\/aragon-tv-beneficios-de-la-mirra\/","title":{"rendered":"Arag\u00f3n TV: beneficios de la mirra"},"content":{"rendered":"<div class=\"video-embed\" style=\"max-width:1200px;\"><div class=\"flex-mod\"><iframe allowfullscreen=\"allowfullscreen\" frameBorder=\"0\" src=\"https:\/\/www.youtube-nocookie.com\/embed\/ClapEgcgrpw\" class=\"iframevideo\"><\/iframe><\/div><\/div>\n<p>&nbsp;<\/p>\n<div id=\"content\" class=\"style-scope ytd-expander\">\n<div id=\"description\" class=\"style-scope ytd-video-secondary-info-renderer\">Eduardo Sanz responsable de la herborister\u00eda La Salud explica las diferentes cualidades de la mirra en el programa Arag\u00f3n en Abierto de Arag\u00f3n TV<\/div>\n<\/div>\n<div id=\"always-shown\" class=\"style-scope ytd-metadata-row-container-renderer\"><\/div>\n<div id=\"collapsible\" class=\"style-scope ytd-metadata-row-container-renderer\"><\/div>\n","protected":false},"excerpt":{"rendered":"<p>&nbsp; Eduardo Sanz responsable de la herborister\u00eda La Salud explica las diferentes cualidades de la mirra en el programa Arag\u00f3n en Abierto de Arag\u00f3n TV<\/p>\n","protected":false},"author":2,"featured_media":1382,"comment_status":"closed","ping_status":"closed","sticky":false,"template":"","format":"video","meta":[],"categories":[13],"tags":[],"yoast_head":"<!-- This site is optimized with the Yoast SEO plugin v16.2 - https:\/\/yoast.com\/wordpress\/plugins\/seo\/ -->\n<title>Arag\u00f3n TV: beneficios de la mirra - La Salud<\/title>\n<meta name=\"robots\" content=\"index, follow, max-snippet:-1, max-image-preview:large, max-video-preview:-1\" \/>\n<link rel=\"canonical\" href=\"https:\/\/herboristerialasalud.com\/blog\/aragon-tv-beneficios-de-la-mirra\/\" \/>\n<meta property=\"og:locale\" content=\"es_ES\" \/>\n<meta property=\"og:type\" content=\"article\" \/>\n<meta property=\"og:title\" content=\"Arag\u00f3n TV: beneficios de la mirra - La Salud\" \/>\n<meta property=\"og:description\" content=\"&nbsp; Eduardo Sanz responsable de la herborister\u00eda La Salud explica las diferentes cualidades de la mirra en el programa Arag\u00f3n en Abierto de Arag\u00f3n TV\" \/>\n<meta property=\"og:url\" content=\"https:\/\/herboristerialasalud.com\/blog\/aragon-tv-beneficios-de-la-mirra\/\" \/>\n<meta property=\"og:site_name\" content=\"La Salud\" \/>\n<meta property=\"article:published_time\" content=\"2019-01-22T13:05:54+00:00\" \/>\n<meta property=\"article:modified_time\" content=\"2020-12-28T13:06:38+00:00\" \/>\n<meta property=\"og:image\" content=\"https:\/\/herboristerialasalud.com\/blog\/wp-content\/uploads\/2019\/01\/Captura-de-pantalla-2019-01-22-a-las-14.10.05-e1548162625137.png\" \/>\n\t<meta property=\"og:image:width\" content=\"959\" \/>\n\t<meta property=\"og:image:height\" content=\"483\" \/>\n<meta name=\"twitter:card\" content=\"summary_large_image\" \/>\n<script type=\"application\/ld+json\" class=\"yoast-schema-graph\">{\"@context\":\"https:\/\/schema.org\",\"@graph\":[{\"@type\":\"WebSite\",\"@id\":\"https:\/\/herboristerialasalud.com\/blog\/#website\",\"url\":\"https:\/\/herboristerialasalud.com\/blog\/\",\"name\":\"La Salud\",\"description\":\"La Salud, herborister\\u00eda fundada en 1978\",\"potentialAction\":[{\"@type\":\"SearchAction\",\"target\":\"https:\/\/herboristerialasalud.com\/blog\/?s={search_term_string}\",\"query-input\":\"required name=search_term_string\"}],\"inLanguage\":\"es\"},{\"@type\":\"ImageObject\",\"@id\":\"https:\/\/herboristerialasalud.com\/blog\/aragon-tv-beneficios-de-la-mirra\/#primaryimage\",\"inLanguage\":\"es\",\"url\":\"https:\/\/herboristerialasalud.com\/blog\/wp-content\/uploads\/2019\/01\/Captura-de-pantalla-2019-01-22-a-las-14.10.05-e1548162625137.png\",\"contentUrl\":\"https:\/\/herboristerialasalud.com\/blog\/wp-content\/uploads\/2019\/01\/Captura-de-pantalla-2019-01-22-a-las-14.10.05-e1548162625137.png\",\"width\":959,\"height\":483},{\"@type\":\"WebPage\",\"@id\":\"https:\/\/herboristerialasalud.com\/blog\/aragon-tv-beneficios-de-la-mirra\/#webpage\",\"url\":\"https:\/\/herboristerialasalud.com\/blog\/aragon-tv-beneficios-de-la-mirra\/\",\"name\":\"Arag\\u00f3n TV: beneficios de la mirra - La Salud\",\"isPartOf\":{\"@id\":\"https:\/\/herboristerialasalud.com\/blog\/#website\"},\"primaryImageOfPage\":{\"@id\":\"https:\/\/herboristerialasalud.com\/blog\/aragon-tv-beneficios-de-la-mirra\/#primaryimage\"},\"datePublished\":\"2019-01-22T13:05:54+00:00\",\"dateModified\":\"2020-12-28T13:06:38+00:00\",\"author\":{\"@id\":\"https:\/\/herboristerialasalud.com\/blog\/#\/schema\/person\/b95d814dc7d64e307b7e23cd20102007\"},\"breadcrumb\":{\"@id\":\"https:\/\/herboristerialasalud.com\/blog\/aragon-tv-beneficios-de-la-mirra\/#breadcrumb\"},\"inLanguage\":\"es\",\"potentialAction\":[{\"@type\":\"ReadAction\",\"target\":[\"https:\/\/herboristerialasalud.com\/blog\/aragon-tv-beneficios-de-la-mirra\/\"]}]},{\"@type\":\"BreadcrumbList\",\"@id\":\"https:\/\/herboristerialasalud.com\/blog\/aragon-tv-beneficios-de-la-mirra\/#breadcrumb\",\"itemListElement\":[{\"@type\":\"ListItem\",\"position\":1,\"item\":{\"@type\":\"WebPage\",\"@id\":\"https:\/\/herboristerialasalud.com\/blog\/\",\"url\":\"https:\/\/herboristerialasalud.com\/blog\/\",\"name\":\"Home\"}},{\"@type\":\"ListItem\",\"position\":2,\"item\":{\"@id\":\"https:\/\/herboristerialasalud.com\/blog\/aragon-tv-beneficios-de-la-mirra\/#webpage\"}}]},{\"@type\":\"Person\",\"@id\":\"https:\/\/herboristerialasalud.com\/blog\/#\/schema\/person\/b95d814dc7d64e307b7e23cd20102007\",\"name\":\"La Salud\"}]}<\/script>\n<!-- \/ Yoast SEO plugin. -->","formatted_date":"22\/01\/2019","_links":{"self":[{"href":"https:\/\/herboristerialasalud.com\/blog\/wp-json\/wp\/v2\/posts\/1378"}],"collection":[{"href":"https:\/\/herboristerialasalud.com\/blog\/wp-json\/wp\/v2\/posts"}],"about":[{"href":"https:\/\/herboristerialasalud.com\/blog\/wp-json\/wp\/v2\/types\/post"}],"author":[{"embeddable":true,"href":"https:\/\/herboristerialasalud.com\/blog\/wp-json\/wp\/v2\/users\/2"}],"replies":[{"embeddable":true,"href":"https:\/\/herboristerialasalud.com\/blog\/wp-json\/wp\/v2\/comments?post=1378"}],"version-history":[{"count":4,"href":"https:\/\/herboristerialasalud.com\/blog\/wp-json\/wp\/v2\/posts\/1378\/revisions"}],"predecessor-version":[{"id":1383,"href":"https:\/\/herboristerialasalud.com\/blog\/wp-json\/wp\/v2\/posts\/1378\/revisions\/1383"}],"wp:featuredmedia":[{"embeddable":true,"href":"https:\/\/herboristerialasalud.com\/blog\/wp-json\/wp\/v2\/media\/1382"}],"wp:attachment":[{"href":"https:\/\/herboristerialasalud.com\/blog\/wp-json\/wp\/v2\/media?parent=1378"}],"wp:term":[{"taxonomy":"category","embeddable":true,"href":"https:\/\/herboristerialasalud.com\/blog\/wp-json\/wp\/v2\/categories?post=1378"},{"taxonomy":"post_tag","embeddable":true,"href":"https:\/\/herboristerialasalud.com\/blog\/wp-json\/wp\/v2\/tags?post=1378"}],"curies":[{"name":"wp","href":"https:\/\/api.w.org\/{rel}","templated":true}]}}