{"id":2039,"date":"2019-08-02T10:14:36","date_gmt":"2019-08-02T08:14:36","guid":{"rendered":"https:\/\/herboristerialasalud.com\/blog\/?p=2039"},"modified":"2022-01-20T08:40:03","modified_gmt":"2022-01-20T07:40:03","slug":"que-meter-en-nuestro-botiquin-natural-para-ir-a-la-montana","status":"publish","type":"post","link":"https:\/\/herboristerialasalud.com\/blog\/que-meter-en-nuestro-botiquin-natural-para-ir-a-la-montana\/","title":{"rendered":"\u00bfQu\u00e9 meter en nuestro botiqu\u00edn natural para ir a la monta\u00f1a?"},"content":{"rendered":"<div>\n<p><span style=\"color: #000000;\">Un rasgu\u00f1o con una roca, dolores musculares tras una excursi\u00f3n a un pico o lago, la picadura de un mosquito despistado o no poder descansar en el saco de dormir, son algunas de las situaciones que podemos encontrarnos al pasar nuestras vacaciones en la monta\u00f1a. Por esta raz\u00f3n os proponemos una lista de elementos sin qu\u00edmicos para confeccionar un perfecto botiqu\u00edn natural y monta\u00f1ero. Se trata de plantas e ingredientes que se pueden encontrar en la naturaleza y con los que reducimos los efectos secundarios de los medicamentos.<\/span><\/p>\n<\/div>\n<div class=\"postContent\">\n<div class=\"postContent product\">\n<div class=\"product-text\">\n<p><span style=\"color: #000000;\"><strong>Reparar la piel tras un golpe:<\/strong> el \u00e1rnica es muy eficaz para aliviar el dolor producido por contusiones, esguinces\u00a0 y molestias localizadas. Adem\u00e1s tambi\u00e9n disminuye la inflamaci\u00f3n y contribuye a estimular la circulaci\u00f3n de la sangre, as\u00ed que&#8230; \u00a1adi\u00f3s moratones!<\/span><\/p>\n<p><span style=\"color: #000000;\"><strong>Tras la picadura de un mosquito<\/strong>: aplica la flor de cal\u00e9ndula para bajar la inflamaci\u00f3n. Este remedio tambi\u00e9n podr\u00e1s aplicarlo para heridas superficiales.<\/span><\/p>\n<\/div>\n<p><span style=\"color: #000000;\"><strong>Para proteger el est\u00f3mago:<\/strong> la planta muc\u00edlagos de Malvavisco act\u00faa como un agente protector y calmante de la mucosa orofar\u00edngea. En caso de gastritis o inflamaci\u00f3n de la mucosa el malvavisco se convierte un elemento indispensable.<\/span><\/p>\n<div class=\"product-text\">\n<p><span style=\"color: #000000;\"><strong>Aloe vera, aplicada e ingerida<\/strong>. El Aloe es muy conocida por aportar altos niveles de hidrataci\u00f3n en la piel, apl\u00edcala por ejemplo si has llegado a quemarte por una sobreexposici\u00f3n y conseguir\u00e1s calmar esa sensaci\u00f3n de &#8220;ardor&#8221;. Pero tambi\u00e9n, como ya hemos comentado en alg\u00fan <a style=\"color: #000000;\" href=\"https:\/\/herboristerialasalud.com\/blog\/un-chupito-de-aloe-vera-por-favor\/\">art\u00edculo anterior<\/a>, por v\u00eda interna es una gran aliada en el proceso de la digesti\u00f3n.<\/span><\/p>\n<\/div>\n<\/div>\n<div class=\"postContent slogan\">\n<p><span style=\"color: #000000;\"><strong>Sin poder dormir bajo las estrellas. <\/strong>Para relajarnos,\u00a0 dejar atr\u00e1s el ritmo fren\u00e9tico de nuestra vida diaria y disfrutar de una noche estrellada, la ra\u00edz de valeriana ser\u00e1 de gran ayuda. Otras plantas que favorecen la conciliaci\u00f3n del sue\u00f1o son la manzanilla y minerales como el magnesio.<\/span><\/p>\n<p><span style=\"color: #000000;\">Las plantas naturales que hemos recogido en ese art\u00edculo, desde el Aloe hasta la Valeriana, puedes encontrarlas en nuestra herborister\u00eda La Salud. Pregunta a nuestro equipo para asesorarte con todo detalle.<\/span><\/p>\n<\/div>\n<\/div>\n","protected":false},"excerpt":{"rendered":"<p>Un rasgu\u00f1o con una roca, dolores musculares tras una excursi\u00f3n a un pico o lago, la picadura de un mosquito despistado o no poder descansar en el saco de dormir, son algunas de las situaciones que podemos encontrarnos al pasar nuestras vacaciones en la monta\u00f1a. Por esta raz\u00f3n os proponemos una lista de elementos sin [&hellip;]<\/p>\n","protected":false},"author":2,"featured_media":2047,"comment_status":"closed","ping_status":"closed","sticky":false,"template":"","format":"standard","meta":[],"categories":[337],"tags":[],"yoast_head":"<!-- This site is optimized with the Yoast SEO plugin v16.2 - https:\/\/yoast.com\/wordpress\/plugins\/seo\/ -->\n<title>\u00bfQu\u00e9 meter en nuestro botiqu\u00edn natural para ir a la monta\u00f1a? - La Salud<\/title>\n<meta name=\"robots\" content=\"index, follow, max-snippet:-1, max-image-preview:large, max-video-preview:-1\" \/>\n<link rel=\"canonical\" href=\"https:\/\/herboristerialasalud.com\/blog\/que-meter-en-nuestro-botiquin-natural-para-ir-a-la-montana\/\" \/>\n<meta property=\"og:locale\" content=\"es_ES\" \/>\n<meta property=\"og:type\" content=\"article\" \/>\n<meta property=\"og:title\" content=\"\u00bfQu\u00e9 meter en nuestro botiqu\u00edn natural para ir a la monta\u00f1a? - La Salud\" \/>\n<meta property=\"og:description\" content=\"Un rasgu\u00f1o con una roca, dolores musculares tras una excursi\u00f3n a un pico o lago, la picadura de un mosquito despistado o no poder descansar en el saco de dormir, son algunas de las situaciones que podemos encontrarnos al pasar nuestras vacaciones en la monta\u00f1a. Por esta raz\u00f3n os proponemos una lista de elementos sin [&hellip;]\" \/>\n<meta property=\"og:url\" content=\"https:\/\/herboristerialasalud.com\/blog\/que-meter-en-nuestro-botiquin-natural-para-ir-a-la-montana\/\" \/>\n<meta property=\"og:site_name\" content=\"La Salud\" \/>\n<meta property=\"article:published_time\" content=\"2019-08-02T08:14:36+00:00\" \/>\n<meta property=\"article:modified_time\" content=\"2022-01-20T07:40:03+00:00\" \/>\n<meta property=\"og:image\" content=\"https:\/\/herboristerialasalud.com\/blog\/wp-content\/uploads\/2019\/08\/mota\u00f1a-salud-e1564682235259.jpg\" \/>\n\t<meta property=\"og:image:width\" content=\"960\" \/>\n\t<meta property=\"og:image:height\" content=\"576\" \/>\n<meta name=\"twitter:card\" content=\"summary_large_image\" \/>\n<meta name=\"twitter:label1\" content=\"Tiempo de lectura\">\n\t<meta name=\"twitter:data1\" content=\"2 minutos\">\n<script type=\"application\/ld+json\" class=\"yoast-schema-graph\">{\"@context\":\"https:\/\/schema.org\",\"@graph\":[{\"@type\":\"WebSite\",\"@id\":\"https:\/\/herboristerialasalud.com\/blog\/#website\",\"url\":\"https:\/\/herboristerialasalud.com\/blog\/\",\"name\":\"La Salud\",\"description\":\"La Salud, herborister\\u00eda fundada en 1978\",\"potentialAction\":[{\"@type\":\"SearchAction\",\"target\":\"https:\/\/herboristerialasalud.com\/blog\/?s={search_term_string}\",\"query-input\":\"required name=search_term_string\"}],\"inLanguage\":\"es\"},{\"@type\":\"ImageObject\",\"@id\":\"https:\/\/herboristerialasalud.com\/blog\/que-meter-en-nuestro-botiquin-natural-para-ir-a-la-montana\/#primaryimage\",\"inLanguage\":\"es\",\"url\":\"https:\/\/herboristerialasalud.com\/blog\/wp-content\/uploads\/2019\/08\/mota\\u00f1a-salud-e1564682235259.jpg\",\"contentUrl\":\"https:\/\/herboristerialasalud.com\/blog\/wp-content\/uploads\/2019\/08\/mota\\u00f1a-salud-e1564682235259.jpg\",\"width\":960,\"height\":576},{\"@type\":\"WebPage\",\"@id\":\"https:\/\/herboristerialasalud.com\/blog\/que-meter-en-nuestro-botiquin-natural-para-ir-a-la-montana\/#webpage\",\"url\":\"https:\/\/herboristerialasalud.com\/blog\/que-meter-en-nuestro-botiquin-natural-para-ir-a-la-montana\/\",\"name\":\"\\u00bfQu\\u00e9 meter en nuestro botiqu\\u00edn natural para ir a la monta\\u00f1a? - La Salud\",\"isPartOf\":{\"@id\":\"https:\/\/herboristerialasalud.com\/blog\/#website\"},\"primaryImageOfPage\":{\"@id\":\"https:\/\/herboristerialasalud.com\/blog\/que-meter-en-nuestro-botiquin-natural-para-ir-a-la-montana\/#primaryimage\"},\"datePublished\":\"2019-08-02T08:14:36+00:00\",\"dateModified\":\"2022-01-20T07:40:03+00:00\",\"author\":{\"@id\":\"https:\/\/herboristerialasalud.com\/blog\/#\/schema\/person\/b95d814dc7d64e307b7e23cd20102007\"},\"breadcrumb\":{\"@id\":\"https:\/\/herboristerialasalud.com\/blog\/que-meter-en-nuestro-botiquin-natural-para-ir-a-la-montana\/#breadcrumb\"},\"inLanguage\":\"es\",\"potentialAction\":[{\"@type\":\"ReadAction\",\"target\":[\"https:\/\/herboristerialasalud.com\/blog\/que-meter-en-nuestro-botiquin-natural-para-ir-a-la-montana\/\"]}]},{\"@type\":\"BreadcrumbList\",\"@id\":\"https:\/\/herboristerialasalud.com\/blog\/que-meter-en-nuestro-botiquin-natural-para-ir-a-la-montana\/#breadcrumb\",\"itemListElement\":[{\"@type\":\"ListItem\",\"position\":1,\"item\":{\"@type\":\"WebPage\",\"@id\":\"https:\/\/herboristerialasalud.com\/blog\/\",\"url\":\"https:\/\/herboristerialasalud.com\/blog\/\",\"name\":\"Home\"}},{\"@type\":\"ListItem\",\"position\":2,\"item\":{\"@id\":\"https:\/\/herboristerialasalud.com\/blog\/que-meter-en-nuestro-botiquin-natural-para-ir-a-la-montana\/#webpage\"}}]},{\"@type\":\"Person\",\"@id\":\"https:\/\/herboristerialasalud.com\/blog\/#\/schema\/person\/b95d814dc7d64e307b7e23cd20102007\",\"name\":\"La Salud\"}]}<\/script>\n<!-- \/ Yoast SEO plugin. -->","formatted_date":"02\/08\/2019","_links":{"self":[{"href":"https:\/\/herboristerialasalud.com\/blog\/wp-json\/wp\/v2\/posts\/2039"}],"collection":[{"href":"https:\/\/herboristerialasalud.com\/blog\/wp-json\/wp\/v2\/posts"}],"about":[{"href":"https:\/\/herboristerialasalud.com\/blog\/wp-json\/wp\/v2\/types\/post"}],"author":[{"embeddable":true,"href":"https:\/\/herboristerialasalud.com\/blog\/wp-json\/wp\/v2\/users\/2"}],"replies":[{"embeddable":true,"href":"https:\/\/herboristerialasalud.com\/blog\/wp-json\/wp\/v2\/comments?post=2039"}],"version-history":[{"count":5,"href":"https:\/\/herboristerialasalud.com\/blog\/wp-json\/wp\/v2\/posts\/2039\/revisions"}],"predecessor-version":[{"id":4062,"href":"https:\/\/herboristerialasalud.com\/blog\/wp-json\/wp\/v2\/posts\/2039\/revisions\/4062"}],"wp:featuredmedia":[{"embeddable":true,"href":"https:\/\/herboristerialasalud.com\/blog\/wp-json\/wp\/v2\/media\/2047"}],"wp:attachment":[{"href":"https:\/\/herboristerialasalud.com\/blog\/wp-json\/wp\/v2\/media?parent=2039"}],"wp:term":[{"taxonomy":"category","embeddable":true,"href":"https:\/\/herboristerialasalud.com\/blog\/wp-json\/wp\/v2\/categories?post=2039"},{"taxonomy":"post_tag","embeddable":true,"href":"https:\/\/herboristerialasalud.com\/blog\/wp-json\/wp\/v2\/tags?post=2039"}],"curies":[{"name":"wp","href":"https:\/\/api.w.org\/{rel}","templated":true}]}}