{"id":3052,"date":"2020-11-06T12:38:24","date_gmt":"2020-11-06T11:38:24","guid":{"rendered":"https:\/\/herboristerialasalud.com\/blog\/?p=3052"},"modified":"2026-01-20T14:41:51","modified_gmt":"2026-01-20T13:41:51","slug":"fortalece-tu-pelo-de-forma-natural","status":"publish","type":"post","link":"https:\/\/herboristerialasalud.com\/blog\/fortalece-tu-pelo-de-forma-natural\/","title":{"rendered":"FORTALECE TU PELO DE FORMA NATURAL"},"content":{"rendered":"<p>Una cabellera normal pierde entre 60 y 120 cabellos al d\u00eda. Lejos de ser un motivo de alarma, esta p\u00e9rdida es un proceso normal, tanto en hombres como en mujeres, y corresponde al proceso de renovaci\u00f3n capilar que tiene lugar diariamente, como consecuencia del ciclo de formaci\u00f3n y desarrollo del pelo.<\/p>\n<p>Nuestro pelo tiene una funci\u00f3n de protecci\u00f3n desde nuestros antepasados. El de la cabeza, en especial, nos protege de los intensos rayos del sol en verano. Eso hace que, con la llegada de la primavera y el buen tiempo, produzcamos m\u00e1s pelo, como una forma de protegernos del sol.<\/p>\n<p>Sin embargo, de la misma forma, cuando el sol empieza a perder fuerza en oto\u00f1o, tenemos que deshacernos de ese exceso de pelo. Es por esto que nuestro cuerpo estimula la ca\u00edda del cabello especialmente durante estas \u00e9pocas.<\/p>\n<p>Esa es la raz\u00f3n que tanto la primavera como el oto\u00f1o sean dos etapas especialmente importantes para el cabello. Son momentos de regeneraci\u00f3n capilar que nos exigen un cuidado extra en nuestra alimentaci\u00f3n para que nuestro cabello crezca fuerte, vigoroso y sano.<\/p>\n<p>&nbsp;<\/p>\n<p><strong>Amino\u00e1cidos azufrados:<\/strong><\/p>\n<p>Los amino\u00e1cidos azufrados se diferencian del resto de amino\u00e1cidos porque contienen azufre en su composici\u00f3n. Se les conoce la capacidad de estimular la s\u00edntesis de col\u00e1geno, el cual es el componente principal del tejido conectivo, incluyendo la piel. Por ello, un aporte adecuado de azufre a trav\u00e9s de amino\u00e1cidos azufrados es esencial para el buen mantenimiento de la piel, y tambi\u00e9n del cabello.<\/p>\n<p>Por otra parte, la ciste\u00edna es uno de los componentes principales de la queratina: prote\u00edna que se encuentra en altas concentraciones en la piel, el pelo y las u\u00f1as, otorg\u00e1ndoles elasticidad y resistencia. Junto a la ciste\u00edna, la metionina tambi\u00e9n es necesaria para que se construya bien la queratina que formar\u00e1 la fibra capilar.<\/p>\n<p>&nbsp;<\/p>\n<p><strong>Vitaminas del grupo B:<\/strong><\/p>\n<p>Las vitaminas del complejo B son esenciales para que el cabello tenga vitalidad y tenga un crecimiento adecuado. En general, la deficiencia de estas vitaminas puede acentuar el debilitamiento, fragilidad y la ca\u00edda del cabello.<\/p>\n<p>Para asegurar un consumo suficiente de estos nutrientes esenciales es fundamental incluir en la dieta productos l\u00e1cteos, huevos, carnes, pescados, cereales integrales, legumbres y frutos secos. La levadura de cerveza tambi\u00e9n es muy buena fuente de estas vitaminas.<\/p>\n<p>Biotina: o vitamina B7 pertenece al grupo B y es denominada tambi\u00e9n como vitamina H. No se puede almacenar en el organismo y esto provoca que se deba incluir en la dieta de una manera regular. Se trata de una de las m\u00e1s populares para frenar la ca\u00edda y fomentar el crecimiento y fortalecimiento del cabello.<\/p>\n<p>Puedes encontrar las vitaminas que hemos expuesto en el art\u00edculo en nuestra secci\u00f3n de <a href=\"https:\/\/herboristerialasalud.com\/suplementos\/vitaminas-y-oligoelementos\/\">vitaminas y oligoelementos online<\/a>.<\/p>\n","protected":false},"excerpt":{"rendered":"<p>Una cabellera normal pierde entre 60 y 120 cabellos al d\u00eda. Lejos de ser un motivo de alarma, esta p\u00e9rdida es un proceso normal, tanto en hombres como en mujeres, y corresponde al proceso de renovaci\u00f3n capilar que tiene lugar diariamente, como consecuencia del ciclo de formaci\u00f3n y desarrollo del pelo. Nuestro pelo tiene una [&hellip;]<\/p>\n","protected":false},"author":2,"featured_media":3056,"comment_status":"closed","ping_status":"closed","sticky":false,"template":"","format":"standard","meta":[],"categories":[337],"tags":[],"yoast_head":"<!-- This site is optimized with the Yoast SEO plugin v16.2 - https:\/\/yoast.com\/wordpress\/plugins\/seo\/ -->\n<title>FORTALECE TU PELO DE FORMA NATURAL - La Salud<\/title>\n<meta name=\"robots\" content=\"index, follow, max-snippet:-1, max-image-preview:large, max-video-preview:-1\" \/>\n<link rel=\"canonical\" href=\"https:\/\/herboristerialasalud.com\/blog\/fortalece-tu-pelo-de-forma-natural\/\" \/>\n<meta property=\"og:locale\" content=\"es_ES\" \/>\n<meta property=\"og:type\" content=\"article\" \/>\n<meta property=\"og:title\" content=\"FORTALECE TU PELO DE FORMA NATURAL - La Salud\" \/>\n<meta property=\"og:description\" content=\"Una cabellera normal pierde entre 60 y 120 cabellos al d\u00eda. Lejos de ser un motivo de alarma, esta p\u00e9rdida es un proceso normal, tanto en hombres como en mujeres, y corresponde al proceso de renovaci\u00f3n capilar que tiene lugar diariamente, como consecuencia del ciclo de formaci\u00f3n y desarrollo del pelo. Nuestro pelo tiene una [&hellip;]\" \/>\n<meta property=\"og:url\" content=\"https:\/\/herboristerialasalud.com\/blog\/fortalece-tu-pelo-de-forma-natural\/\" \/>\n<meta property=\"og:site_name\" content=\"La Salud\" \/>\n<meta property=\"article:published_time\" content=\"2020-11-06T11:38:24+00:00\" \/>\n<meta property=\"article:modified_time\" content=\"2026-01-20T13:41:51+00:00\" \/>\n<meta property=\"og:image\" content=\"https:\/\/herboristerialasalud.com\/blog\/wp-content\/uploads\/2020\/10\/pelo-e1603196588510.jpg\" \/>\n\t<meta property=\"og:image:width\" content=\"960\" \/>\n\t<meta property=\"og:image:height\" content=\"540\" \/>\n<meta name=\"twitter:card\" content=\"summary_large_image\" \/>\n<meta name=\"twitter:label1\" content=\"Tiempo de lectura\">\n\t<meta name=\"twitter:data1\" content=\"2 minutos\">\n<script type=\"application\/ld+json\" class=\"yoast-schema-graph\">{\"@context\":\"https:\/\/schema.org\",\"@graph\":[{\"@type\":\"WebSite\",\"@id\":\"https:\/\/herboristerialasalud.com\/blog\/#website\",\"url\":\"https:\/\/herboristerialasalud.com\/blog\/\",\"name\":\"La Salud\",\"description\":\"La Salud, herborister\\u00eda fundada en 1978\",\"potentialAction\":[{\"@type\":\"SearchAction\",\"target\":\"https:\/\/herboristerialasalud.com\/blog\/?s={search_term_string}\",\"query-input\":\"required name=search_term_string\"}],\"inLanguage\":\"es\"},{\"@type\":\"ImageObject\",\"@id\":\"https:\/\/herboristerialasalud.com\/blog\/fortalece-tu-pelo-de-forma-natural\/#primaryimage\",\"inLanguage\":\"es\",\"url\":\"https:\/\/herboristerialasalud.com\/blog\/wp-content\/uploads\/2020\/10\/pelo-e1603196588510.jpg\",\"contentUrl\":\"https:\/\/herboristerialasalud.com\/blog\/wp-content\/uploads\/2020\/10\/pelo-e1603196588510.jpg\",\"width\":960,\"height\":540,\"caption\":\"Consejos Pelo herborister\\u00eda La Salud\"},{\"@type\":\"WebPage\",\"@id\":\"https:\/\/herboristerialasalud.com\/blog\/fortalece-tu-pelo-de-forma-natural\/#webpage\",\"url\":\"https:\/\/herboristerialasalud.com\/blog\/fortalece-tu-pelo-de-forma-natural\/\",\"name\":\"FORTALECE TU PELO DE FORMA NATURAL - La Salud\",\"isPartOf\":{\"@id\":\"https:\/\/herboristerialasalud.com\/blog\/#website\"},\"primaryImageOfPage\":{\"@id\":\"https:\/\/herboristerialasalud.com\/blog\/fortalece-tu-pelo-de-forma-natural\/#primaryimage\"},\"datePublished\":\"2020-11-06T11:38:24+00:00\",\"dateModified\":\"2026-01-20T13:41:51+00:00\",\"author\":{\"@id\":\"https:\/\/herboristerialasalud.com\/blog\/#\/schema\/person\/b95d814dc7d64e307b7e23cd20102007\"},\"breadcrumb\":{\"@id\":\"https:\/\/herboristerialasalud.com\/blog\/fortalece-tu-pelo-de-forma-natural\/#breadcrumb\"},\"inLanguage\":\"es\",\"potentialAction\":[{\"@type\":\"ReadAction\",\"target\":[\"https:\/\/herboristerialasalud.com\/blog\/fortalece-tu-pelo-de-forma-natural\/\"]}]},{\"@type\":\"BreadcrumbList\",\"@id\":\"https:\/\/herboristerialasalud.com\/blog\/fortalece-tu-pelo-de-forma-natural\/#breadcrumb\",\"itemListElement\":[{\"@type\":\"ListItem\",\"position\":1,\"item\":{\"@type\":\"WebPage\",\"@id\":\"https:\/\/herboristerialasalud.com\/blog\/\",\"url\":\"https:\/\/herboristerialasalud.com\/blog\/\",\"name\":\"Home\"}},{\"@type\":\"ListItem\",\"position\":2,\"item\":{\"@id\":\"https:\/\/herboristerialasalud.com\/blog\/fortalece-tu-pelo-de-forma-natural\/#webpage\"}}]},{\"@type\":\"Person\",\"@id\":\"https:\/\/herboristerialasalud.com\/blog\/#\/schema\/person\/b95d814dc7d64e307b7e23cd20102007\",\"name\":\"La Salud\"}]}<\/script>\n<!-- \/ Yoast SEO plugin. -->","formatted_date":"06\/11\/2020","_links":{"self":[{"href":"https:\/\/herboristerialasalud.com\/blog\/wp-json\/wp\/v2\/posts\/3052"}],"collection":[{"href":"https:\/\/herboristerialasalud.com\/blog\/wp-json\/wp\/v2\/posts"}],"about":[{"href":"https:\/\/herboristerialasalud.com\/blog\/wp-json\/wp\/v2\/types\/post"}],"author":[{"embeddable":true,"href":"https:\/\/herboristerialasalud.com\/blog\/wp-json\/wp\/v2\/users\/2"}],"replies":[{"embeddable":true,"href":"https:\/\/herboristerialasalud.com\/blog\/wp-json\/wp\/v2\/comments?post=3052"}],"version-history":[{"count":5,"href":"https:\/\/herboristerialasalud.com\/blog\/wp-json\/wp\/v2\/posts\/3052\/revisions"}],"predecessor-version":[{"id":5663,"href":"https:\/\/herboristerialasalud.com\/blog\/wp-json\/wp\/v2\/posts\/3052\/revisions\/5663"}],"wp:featuredmedia":[{"embeddable":true,"href":"https:\/\/herboristerialasalud.com\/blog\/wp-json\/wp\/v2\/media\/3056"}],"wp:attachment":[{"href":"https:\/\/herboristerialasalud.com\/blog\/wp-json\/wp\/v2\/media?parent=3052"}],"wp:term":[{"taxonomy":"category","embeddable":true,"href":"https:\/\/herboristerialasalud.com\/blog\/wp-json\/wp\/v2\/categories?post=3052"},{"taxonomy":"post_tag","embeddable":true,"href":"https:\/\/herboristerialasalud.com\/blog\/wp-json\/wp\/v2\/tags?post=3052"}],"curies":[{"name":"wp","href":"https:\/\/api.w.org\/{rel}","templated":true}]}}